{"id":9252,"date":"2020-12-19T07:59:08","date_gmt":"2020-12-19T10:59:08","guid":{"rendered":"http:\/\/blogdojuniorcavalcanti.com.br\/?p=9252"},"modified":"2020-12-19T07:59:08","modified_gmt":"2020-12-19T10:59:08","slug":"covid-19-com-mais-seis-obitos-sertao-do-pajeu-totaliza-230","status":"publish","type":"post","link":"https:\/\/blogdojuniorcavalcanti.com.br\/index.php\/2020\/12\/19\/covid-19-com-mais-seis-obitos-sertao-do-pajeu-totaliza-230\/","title":{"rendered":"Covid-19: Com mais seis \u00f3bitos, Sert\u00e3o do Paje\u00fa totaliza 230"},"content":{"rendered":"<p style=\"text-align: justify;\"><span style=\"font-size: 14pt;\"><b><i><a href=\"https:\/\/i2.wp.com\/nilljunior.com.br\/wp-content\/uploads\/2020\/07\/covid-1024x653.jpg?ssl=1\"><img fetchpriority=\"high\" decoding=\"async\" class=\"alignleft wp-image-180083\" src=\"https:\/\/i2.wp.com\/nilljunior.com.br\/wp-content\/uploads\/2020\/07\/covid-1024x653.jpg?resize=400%2C255&amp;ssl=1\" sizes=\"(max-width: 400px) 100vw, 400px\" srcset=\"https:\/\/i2.wp.com\/nilljunior.com.br\/wp-content\/uploads\/2020\/07\/covid-1024x653.jpg?resize=1024%2C653&amp;ssl=1 1024w, https:\/\/i2.wp.com\/nilljunior.com.br\/wp-content\/uploads\/2020\/07\/covid-1024x653.jpg?resize=300%2C191&amp;ssl=1 300w, https:\/\/i2.wp.com\/nilljunior.com.br\/wp-content\/uploads\/2020\/07\/covid-1024x653.jpg?resize=768%2C490&amp;ssl=1 768w, https:\/\/i2.wp.com\/nilljunior.com.br\/wp-content\/uploads\/2020\/07\/covid-1024x653.jpg?resize=600%2C383&amp;ssl=1 600w\" alt=\"\" width=\"400\" height=\"255\" data-attachment-id=\"180083\" data-permalink=\"https:\/\/nilljunior.com.br\/serra-talhada-chega-a-15-obitos-por-covid-19\/coronavirus-europa-hospitales\/\" data-orig-file=\"https:\/\/i2.wp.com\/nilljunior.com.br\/wp-content\/uploads\/2020\/07\/covid-1024x653.jpg?fit=1024%2C653&amp;ssl=1\" data-orig-size=\"1024,653\" data-comments-opened=\"1\" data-image-meta=\"{&quot;aperture&quot;:&quot;2.8&quot;,&quot;credit&quot;:&quot;AP&quot;,&quot;camera&quot;:&quot;Canon EOS-1D X Mark II&quot;,&quot;caption&quot;:&quot;Foto tomada el 27 de marzo de 2020 de un enfermo de coronavirus en un hospital en B\\u00e9lgica.   (AP Photo\\\/Francisco Seco, File)&quot;,&quot;created_timestamp&quot;:&quot;1585307839&quot;,&quot;copyright&quot;:&quot;Copyright 2020 The Associated Press. All rights reserved.&quot;,&quot;focal_length&quot;:&quot;59&quot;,&quot;iso&quot;:&quot;1250&quot;,&quot;shutter_speed&quot;:&quot;0.00125&quot;,&quot;title&quot;:&quot;CORONAVIRUS EUROPA HOSPITALES&quot;,&quot;orientation&quot;:&quot;1&quot;}\" data-image-title=\"CORONAVIRUS EUROPA HOSPITALES\" data-image-description=\"\" data-medium-file=\"https:\/\/i2.wp.com\/nilljunior.com.br\/wp-content\/uploads\/2020\/07\/covid-1024x653.jpg?fit=300%2C191&amp;ssl=1\" data-large-file=\"https:\/\/i2.wp.com\/nilljunior.com.br\/wp-content\/uploads\/2020\/07\/covid-1024x653.jpg?fit=600%2C383&amp;ssl=1\" \/><\/a><span style=\"font-family: arial, helvetica, sans-serif;\">Serra Talhada, Tabira, Flores e Brejinho registraram novos \u00f3bitos.<\/span><\/i><\/b><\/span><\/p>\n<p style=\"text-align: justify;\"><span style=\"font-size: 14pt; font-family: arial, helvetica, sans-serif;\"><b>Por Andr\u00e9 Luis<\/b><\/span><\/p>\n<p style=\"text-align: justify;\"><span style=\"font-size: 14pt; font-family: arial, helvetica, sans-serif;\">De acordo com os boletins epidemiol\u00f3gicos divulgados pelas secretarias de sa\u00fade dos munic\u00edpios da regi\u00e3o nesta sexta-feira (18.12), o Paje\u00fa totaliza\u00a0<b>13.635\u00a0<\/b>casos confirmados de Covid-19.<\/span><\/p>\n<p style=\"text-align: justify;\"><span style=\"font-size: 14pt; font-family: arial, helvetica, sans-serif;\">Portanto, os n\u00fameros de casos confirmados no Paje\u00fa ficam assim:\u00a0<b>Serra Talhada<\/b>\u00a0continua liderando o n\u00famero de casos na regi\u00e3o e conta com 5.380 confirma\u00e7\u00f5es, foram mais 30 casos nas \u00faltimas 24h. Logo em seguida, com 1.754 casos confirmados est\u00e1\u00a0<b>Afogados da Ingazeira,<\/b>\u00a0foram mais 7 nas \u00faltimas 24h,\u00a0<b>Tabira<\/b>\u00a0n\u00e3o registrou novos casos e continua com 1.516,\u00a0<b>S\u00e3o Jos\u00e9 do Egito\u00a0<\/b>n\u00e3o registrou novos casos e continua com 1.076,\u00a0<b>Santa Terezinha\u00a0<\/b>registrou mais 7 e est\u00e1 com 543,\u00a0<b>Carna\u00edba\u00a0<\/b>est\u00e1 com 503, o munic\u00edpio registrou 1 novo caso e\u00a0<b>Triunfo\u00a0<\/b>confirmou mais 3 e\u00a0est\u00e1 com 438.<\/span><\/p>\n<p style=\"text-align: justify;\"><span style=\"font-size: 14pt; font-family: arial, helvetica, sans-serif;\"><b>Flores<\/b>\u00a0confirmou mais 16 e conta com 421 casos,\u00a0<b>Itapetim<\/b>\u00a0confirmou 3 novos casos e conta com 419,\u00a0<b>Brejinho\u00a0<\/b>registrou mais 5 e est\u00e1 com 281,<b>\u00a0Calumbi\u00a0<\/b>n\u00e3o registrou novos casos e est\u00e1 com 252,\u00a0<b>Tuparetama<\/b>\u00a0n\u00e3o divulgou boletim e conta com 238,\u00a0<b>Iguaracy<\/b>\u00a0registrou mais 2 e est\u00e1 com 236,\u00a0<b>Solid\u00e3o<\/b>\u00a0n\u00e3o divulgou boletim e conta com 180,\u00a0<b>Quixaba<\/b>\u00a0confirmou 4 novos casos e conta com 169,\u00a0<b>Santa Cruz da Baixa Verde\u00a0<\/b>n\u00e3o registrou novos casos e continua com\u00a0126 e\u00a0<b>Ingazeira<\/b>\u00a0n\u00e3o divulgou boletim e conta com 101 casos confirmados.<\/span><\/p>\n<p style=\"text-align: justify;\"><span style=\"font-size: 14pt; font-family: arial, helvetica, sans-serif;\"><b>Mortes \u2013<\/b>\u00a0Com mais um \u00f3bito confirmado em Serra Talhada, um em Tabira, tr\u00eas em Flores e um em Brejinho, a regi\u00e3o tem no total,\u00a0<b>230 \u00f3bitos<\/b>\u00a0por Covid-19. Todas as dezessete cidades da regi\u00e3o registraram mortes. S\u00e3o elas: Serra Talhada tem 71, Afogados da Ingazeira tem 21, Flores tem 20, S\u00e3o Jos\u00e9 do Egito tem 16, Carna\u00edba e Tabira tem 15 \u00f3bitos cada,\u00a0 Santa Terezinha tem 14, Triunfo tem 13 \u00f3bitos, Tuparetama tem 12, Iguaracy tem 10, Itapetim tem 8, Quixaba e Brejinho tem 4 \u00f3bitos cada, Calumbi, Santa Cruz da Baixa Verde e Solid\u00e3o tem 2 cada e Ingazeira tem 1 \u00f3bito.<\/span><\/p>\n<p style=\"text-align: justify;\"><span style=\"font-size: 14pt; font-family: arial, helvetica, sans-serif;\"><b>Detalhes dos \u00f3bitos<\/b><\/span><\/p>\n<p style=\"text-align: justify;\"><span style=\"font-size: 14pt; font-family: arial, helvetica, sans-serif;\">Em\u00a0<b>Serra Talhada<\/b>\u00a0um paciente do sexo masculino, 78 anos, morador do bairro Bom Jesus. Ele era hipertenso e portador de insufici\u00eancia renal aguda. Estava internado no Hospital Eduardo Campos, onde faleceu nesta quinta-feira (17). Este \u00e9 o \u00f3bito de n\u00famero 71 no munic\u00edpio, que registrou 5 \u00f3bitos de s\u00e1bado at\u00e9 esta sexta-feira.<\/span><\/p>\n<p style=\"text-align: justify;\"><span style=\"font-size: 14pt; font-family: arial, helvetica, sans-serif;\"><b>Tabira<\/b>\u00a0confirmou o \u00f3bito de um paciente de 47 anos, residente no Bairro de F\u00e1tima. O mesmo estava internando na UTI de Serra Talhada, desde a quinta-feira (10), indo \u00e0 \u00f3bito nesta sexta-feira (18). O paciente era portador de Diabetes Melitus.<\/span><\/p>\n<p style=\"text-align: justify;\"><span style=\"font-size: 14pt; font-family: arial, helvetica, sans-serif;\">Em\u00a0<b>Flores<\/b>, foram confirmados mais tr\u00eas mortes. A Secretaria de Sa\u00fade n\u00e3o deu detalhes sobre os \u00f3bitos que foram informados no boletim do dia 17 de dezembro, que apesar de aparecer no Facebook como publicado ontem \u00e0s 21h, na verdade, foi divulgado nesta sexta-feira, \u00e0s 10h34. O munic\u00edpio tem agora no total, 20 \u00f3bitos por Covid-19.<\/span><\/p>\n<p style=\"text-align: justify;\"><span style=\"font-size: 14pt; font-family: arial, helvetica, sans-serif;\">A Secretaria de Sa\u00fade de\u00a0<b>Brejinho<\/b>, confirmou em seu boletim epidemiol\u00f3gico desta sexta-feira, mais um \u00f3bito no munic\u00edpio. Tamb\u00e9m n\u00e3o tem detalhes sobre a morte, mas por acompanhar diariamente os boletins dos dezessete munic\u00edpios da regi\u00e3o do Paje\u00fa, sabemos se tratar de um \u00f3bito que estava em investiga\u00e7\u00e3o desde o dia 12 de dezembro. O munic\u00edpio agora conta com 4 \u00f3bitos confirmados e tem um sendo investigado.<\/span><\/p>\n<p style=\"text-align: justify;\"><span style=\"font-size: 14pt; font-family: arial, helvetica, sans-serif;\"><b>Recuperados \u2013<\/b>\u00a0A regi\u00e3o conta agora com\u00a0<b>12.802 recuperados<\/b>. O que corresponde a 93,89% dos casos confirmados.<\/span><\/p>\n<p style=\"text-align: justify;\"><span style=\"font-size: 14pt; font-family: arial, helvetica, sans-serif;\">Apesar do n\u00famero de \u00f3bitos e de casos que tem aumentado na regi\u00e3o, \u00e9 comum encontrar pessoas que minimizam a pandemia, fazem pouco caso das regras sanit\u00e1rias e n\u00e3o ligam para o distanciamento social. Se aglomeram em bares e pra\u00e7as das cidades, sem m\u00e1scaras e sem amor e respeito a pr\u00f3pria vida e a vida do pr\u00f3ximo.<\/span><\/p>\n","protected":false},"excerpt":{"rendered":"<p>Serra Talhada, Tabira, Flores e Brejinho registraram novos &oacute;bitos. Por Andr&eacute; Luis De acordo com os boletins epidemiol&oacute;gicos divulgados pelas secretarias de sa&uacute;de dos munic&iacute;pios da regi&atilde;o nesta sexta-feira (18.12), o Paje&uacute; totaliza&nbsp;13.635&nbsp;casos confirmados de Covid-19. Portanto, os n&uacute;meros de casos confirmados no Paje&uacute; ficam assim:&nbsp;Serra Talhada&nbsp;continua liderando o n&uacute;mero de casos na regi&atilde;o e conta com 5.380 confirma&ccedil;&otilde;es, foram mais 30 casos nas &uacute;ltimas 24h. Logo em seguida, com 1.754 casos confirmados est&aacute;&nbsp;Afogados da Ingazeira,&nbsp;foram mais 7 nas &uacute;ltimas 24h,&nbsp;Tabira&nbsp;n&atilde;o registrou novos casos e continua com 1.516,&nbsp;S&atilde;o Jos&eacute; do Egito&nbsp;n&atilde;o registrou novos casos e continua com 1.076,&nbsp;Santa Terezinha&nbsp;registrou mais &#8230; <\/p>\n<p class=\"read-more-container\"><a title=\"Covid-19: Com mais seis \u00f3bitos, Sert\u00e3o do Paje\u00fa totaliza 230\" class=\"read-more button\" href=\"https:\/\/blogdojuniorcavalcanti.com.br\/index.php\/2020\/12\/19\/covid-19-com-mais-seis-obitos-sertao-do-pajeu-totaliza-230\/#more-9252\" aria-label=\"More on Covid-19: Com mais seis \u00f3bitos, Sert\u00e3o do Paje\u00fa totaliza 230\">Leia mais<\/a><\/p>\n","protected":false},"author":2,"featured_media":0,"comment_status":"open","ping_status":"open","sticky":false,"template":"","format":"standard","meta":{"footnotes":""},"categories":[1],"tags":[],"class_list":["post-9252","post","type-post","status-publish","format-standard","hentry","category-sem-categoria"],"_links":{"self":[{"href":"https:\/\/blogdojuniorcavalcanti.com.br\/index.php\/wp-json\/wp\/v2\/posts\/9252","targetHints":{"allow":["GET"]}}],"collection":[{"href":"https:\/\/blogdojuniorcavalcanti.com.br\/index.php\/wp-json\/wp\/v2\/posts"}],"about":[{"href":"https:\/\/blogdojuniorcavalcanti.com.br\/index.php\/wp-json\/wp\/v2\/types\/post"}],"author":[{"embeddable":true,"href":"https:\/\/blogdojuniorcavalcanti.com.br\/index.php\/wp-json\/wp\/v2\/users\/2"}],"replies":[{"embeddable":true,"href":"https:\/\/blogdojuniorcavalcanti.com.br\/index.php\/wp-json\/wp\/v2\/comments?post=9252"}],"version-history":[{"count":1,"href":"https:\/\/blogdojuniorcavalcanti.com.br\/index.php\/wp-json\/wp\/v2\/posts\/9252\/revisions"}],"predecessor-version":[{"id":9253,"href":"https:\/\/blogdojuniorcavalcanti.com.br\/index.php\/wp-json\/wp\/v2\/posts\/9252\/revisions\/9253"}],"wp:attachment":[{"href":"https:\/\/blogdojuniorcavalcanti.com.br\/index.php\/wp-json\/wp\/v2\/media?parent=9252"}],"wp:term":[{"taxonomy":"category","embeddable":true,"href":"https:\/\/blogdojuniorcavalcanti.com.br\/index.php\/wp-json\/wp\/v2\/categories?post=9252"},{"taxonomy":"post_tag","embeddable":true,"href":"https:\/\/blogdojuniorcavalcanti.com.br\/index.php\/wp-json\/wp\/v2\/tags?post=9252"}],"curies":[{"name":"wp","href":"https:\/\/api.w.org\/{rel}","templated":true}]}}