{"id":9348,"date":"2020-12-24T05:59:00","date_gmt":"2020-12-24T08:59:00","guid":{"rendered":"http:\/\/blogdojuniorcavalcanti.com.br\/?p=9348"},"modified":"2020-12-24T05:59:00","modified_gmt":"2020-12-24T08:59:00","slug":"candidato-do-grupo-de-maia-baleia-rossi-e-mais-governista-que-arthur-lira","status":"publish","type":"post","link":"https:\/\/blogdojuniorcavalcanti.com.br\/index.php\/2020\/12\/24\/candidato-do-grupo-de-maia-baleia-rossi-e-mais-governista-que-arthur-lira\/","title":{"rendered":"Candidato do grupo de Maia, Baleia Rossi \u00e9 mais governista que Arthur Lira"},"content":{"rendered":"<p style=\"text-align: justify;\"><span style=\"font-size: 14pt;\"><em><a href=\"https:\/\/i0.wp.com\/nilljunior.com.br\/wp-content\/uploads\/2020\/12\/baleia-rossi-750x430.jpg?ssl=1\"><img fetchpriority=\"high\" decoding=\"async\" class=\"alignleft wp-image-192923\" src=\"https:\/\/i0.wp.com\/nilljunior.com.br\/wp-content\/uploads\/2020\/12\/baleia-rossi-750x430.jpg?resize=400%2C229&amp;ssl=1\" sizes=\"(max-width: 400px) 100vw, 400px\" srcset=\"https:\/\/i0.wp.com\/nilljunior.com.br\/wp-content\/uploads\/2020\/12\/baleia-rossi-750x430.jpg?resize=750%2C430&amp;ssl=1 750w, https:\/\/i0.wp.com\/nilljunior.com.br\/wp-content\/uploads\/2020\/12\/baleia-rossi-750x430.jpg?resize=300%2C172&amp;ssl=1 300w, https:\/\/i0.wp.com\/nilljunior.com.br\/wp-content\/uploads\/2020\/12\/baleia-rossi-750x430.jpg?resize=600%2C344&amp;ssl=1 600w\" alt=\"\" width=\"400\" height=\"229\" data-attachment-id=\"192923\" data-permalink=\"https:\/\/nilljunior.com.br\/candidato-do-grupo-de-maia-baleia-rossi-e-mais-governista-que-arthur-lira\/baleia-rossi-750x430\/\" data-orig-file=\"https:\/\/i0.wp.com\/nilljunior.com.br\/wp-content\/uploads\/2020\/12\/baleia-rossi-750x430.jpg?fit=750%2C430&amp;ssl=1\" data-orig-size=\"750,430\" data-comments-opened=\"1\" data-image-meta=\"{&quot;aperture&quot;:&quot;0&quot;,&quot;credit&quot;:&quot;&quot;,&quot;camera&quot;:&quot;&quot;,&quot;caption&quot;:&quot;&quot;,&quot;created_timestamp&quot;:&quot;0&quot;,&quot;copyright&quot;:&quot;&quot;,&quot;focal_length&quot;:&quot;0&quot;,&quot;iso&quot;:&quot;0&quot;,&quot;shutter_speed&quot;:&quot;0&quot;,&quot;title&quot;:&quot;&quot;,&quot;orientation&quot;:&quot;0&quot;}\" data-image-title=\"baleia-rossi-750\u00d7430\" data-image-description=\"\" data-medium-file=\"https:\/\/i0.wp.com\/nilljunior.com.br\/wp-content\/uploads\/2020\/12\/baleia-rossi-750x430.jpg?fit=300%2C172&amp;ssl=1\" data-large-file=\"https:\/\/i0.wp.com\/nilljunior.com.br\/wp-content\/uploads\/2020\/12\/baleia-rossi-750x430.jpg?fit=600%2C344&amp;ssl=1\" \/><\/a><span style=\"font-family: arial, helvetica, sans-serif;\">Foto:\u00a0Cleia Viana\/Arquivvo\/C\u00e2mara dos Deputados<\/span><\/em><\/span><\/p>\n<p style=\"text-align: justify;\"><span style=\"font-size: 14pt; font-family: arial, helvetica, sans-serif;\">Escolhido nesta quarta-feira (22) para concorrer \u00e0 presid\u00eancia da C\u00e2mara dos Deputados na chapa articulada pelo atual presidente Rodrigo Maia (DEM-RJ), o deputado Baleia Rossi (MDB-SP) tem um \u00edndice de governismo maior que o do pr\u00f3prio candidato apoiado pelo Planalto, Arthur Lira (PP-AL).<\/span><\/p>\n<p style=\"text-align: justify;\"><span style=\"font-size: 14pt; font-family: arial, helvetica, sans-serif;\">Dados do\u00a0<strong>Radar do Congresso<\/strong>, plataforma de dados do\u00a0<strong>Congresso em Foco<\/strong>, apontam que Baleia Rossi, presidente nacional do MDB, votou com o governo em 90% das vota\u00e7\u00f5es nominais da C\u00e2mara, enquanto\u00a0 Lira seguiu a orienta\u00e7\u00e3o do l\u00edder do governo em 88% das vezes. O nome do emedebista foi acordado entre os l\u00edderes de parte da bancada e deve ser anunciado por Maia ainda nesta quarta-feira.<\/span><\/p>\n<p style=\"text-align: justify;\"><span style=\"font-size: 14pt; font-family: arial, helvetica, sans-serif;\">Baleia ir\u00e1 encabe\u00e7ar uma chapa que at\u00e9 o momento conta com 11 partidos, que v\u00e3o do PT ao PSL, partido do qual o presidente Jair Bolsonaro se desfiliou em 2019. O bloco prega como bandeira principal a independ\u00eancia da Casa para poder tomar decis\u00f5es, sem ser uma esp\u00e9cie de \u201cpuxadinho\u201d do poder Executivo.<\/span><\/p>\n<p style=\"text-align: justify;\"><span style=\"font-size: 14pt; font-family: arial, helvetica, sans-serif;\">A indefini\u00e7\u00e3o sobre o nome vinha desde que o STF definiu, na noite do dia 6 de dezembro, que os presidentes da C\u00e2mara e do Senado n\u00e3o podem concorrer \u00e0 reelei\u00e7\u00e3o \u2013 o que frustrou os planos de reelei\u00e7\u00e3o de Davi Alcolumbre e de Maia de tentar uma candidatura para seu quarto mandato seguido (o que o deputado nega ter sido sua inten\u00e7\u00e3o).<\/span><\/p>\n<p style=\"text-align: justify;\"><span style=\"font-size: 14pt; font-family: arial, helvetica, sans-serif;\">J\u00e1 Arthur Lira defendeu que buscar\u00e1 a mesma independ\u00eancia da Casa proposta pelo grupo oposto. \u201cTodo partido que quiser compromisso com a autonomia do funcionamento da Casa, estou aberto ao di\u00e1logo\u201d, escreveu Lira em seu Twitter. \u201cSe quiserem seguir o caminho de promessas dif\u00edceis de cumprir, essa n\u00e3o \u00e9 minha forma de fazer pol\u00edtica.\u201d<\/span><\/p>\n<p style=\"text-align: justify;\"><span style=\"font-size: 14pt; font-family: arial, helvetica, sans-serif;\">A aposta do candidato do PP, alinhado \u00e0s inten\u00e7\u00f5es do presidente Jair Bolsonaro, \u00e9 a da divis\u00e3o do Centr\u00e3o na C\u00e2mara \u2013 motivada principalmente pela demora na escolha do nome de sucess\u00e3o \u00e0 Maia.<\/span><\/p>\n<p style=\"text-align: justify;\"><span style=\"font-size: 14pt; font-family: arial, helvetica, sans-serif;\">Essas rusgas j\u00e1 est\u00e3o aparentes: na sess\u00e3o desta ter\u00e7a-feira (22), a \u00faltima do ano, a deputada Celina Le\u00e3o (PP-DF) disse que, se os candidatos do bloco de Maia n\u00e3o fossem do PT ou do PDT, n\u00e3o haveria chapa opositora a Jair Bolsonaro. \u201cUm candidato do MDB e um candidato do meu partido, o PP, j\u00e1 s\u00e3o da base do Bolsonaro, n\u00e3o gastariam nem uma semana, com todo respeito, para estarem sentados com o Presidente discutindo os problemas do Brasil, porque \u00e9 hist\u00f3rico o MDB fazer parte da base\u201d, disse a parlamentar. \u201cSempre fez.\u201d<\/span><\/p>\n","protected":false},"excerpt":{"rendered":"<p>Foto:&nbsp;Cleia Viana\/Arquivvo\/C&acirc;mara dos Deputados Escolhido nesta quarta-feira (22) para concorrer &agrave; presid&ecirc;ncia da C&acirc;mara dos Deputados na chapa articulada pelo atual presidente Rodrigo Maia (DEM-RJ), o deputado Baleia Rossi (MDB-SP) tem um &iacute;ndice de governismo maior que o do pr&oacute;prio candidato apoiado pelo Planalto, Arthur Lira (PP-AL). Dados do&nbsp;Radar do Congresso, plataforma de dados do&nbsp;Congresso em Foco, apontam que Baleia Rossi, presidente nacional do MDB, votou com o governo em 90% das vota&ccedil;&otilde;es nominais da C&acirc;mara, enquanto&nbsp; Lira seguiu a orienta&ccedil;&atilde;o do l&iacute;der do governo em 88% das vezes. O nome do emedebista foi acordado entre os l&iacute;deres de parte &#8230; <\/p>\n<p class=\"read-more-container\"><a title=\"Candidato do grupo de Maia, Baleia Rossi \u00e9 mais governista que Arthur Lira\" class=\"read-more button\" href=\"https:\/\/blogdojuniorcavalcanti.com.br\/index.php\/2020\/12\/24\/candidato-do-grupo-de-maia-baleia-rossi-e-mais-governista-que-arthur-lira\/#more-9348\" aria-label=\"More on Candidato do grupo de Maia, Baleia Rossi \u00e9 mais governista que Arthur Lira\">Leia mais<\/a><\/p>\n","protected":false},"author":2,"featured_media":0,"comment_status":"open","ping_status":"open","sticky":false,"template":"","format":"standard","meta":{"footnotes":""},"categories":[1],"tags":[],"class_list":["post-9348","post","type-post","status-publish","format-standard","hentry","category-sem-categoria"],"_links":{"self":[{"href":"https:\/\/blogdojuniorcavalcanti.com.br\/index.php\/wp-json\/wp\/v2\/posts\/9348","targetHints":{"allow":["GET"]}}],"collection":[{"href":"https:\/\/blogdojuniorcavalcanti.com.br\/index.php\/wp-json\/wp\/v2\/posts"}],"about":[{"href":"https:\/\/blogdojuniorcavalcanti.com.br\/index.php\/wp-json\/wp\/v2\/types\/post"}],"author":[{"embeddable":true,"href":"https:\/\/blogdojuniorcavalcanti.com.br\/index.php\/wp-json\/wp\/v2\/users\/2"}],"replies":[{"embeddable":true,"href":"https:\/\/blogdojuniorcavalcanti.com.br\/index.php\/wp-json\/wp\/v2\/comments?post=9348"}],"version-history":[{"count":1,"href":"https:\/\/blogdojuniorcavalcanti.com.br\/index.php\/wp-json\/wp\/v2\/posts\/9348\/revisions"}],"predecessor-version":[{"id":9349,"href":"https:\/\/blogdojuniorcavalcanti.com.br\/index.php\/wp-json\/wp\/v2\/posts\/9348\/revisions\/9349"}],"wp:attachment":[{"href":"https:\/\/blogdojuniorcavalcanti.com.br\/index.php\/wp-json\/wp\/v2\/media?parent=9348"}],"wp:term":[{"taxonomy":"category","embeddable":true,"href":"https:\/\/blogdojuniorcavalcanti.com.br\/index.php\/wp-json\/wp\/v2\/categories?post=9348"},{"taxonomy":"post_tag","embeddable":true,"href":"https:\/\/blogdojuniorcavalcanti.com.br\/index.php\/wp-json\/wp\/v2\/tags?post=9348"}],"curies":[{"name":"wp","href":"https:\/\/api.w.org\/{rel}","templated":true}]}}