{"id":9504,"date":"2021-01-07T06:00:57","date_gmt":"2021-01-07T09:00:57","guid":{"rendered":"http:\/\/blogdojuniorcavalcanti.com.br\/?p=9504"},"modified":"2021-01-07T06:00:57","modified_gmt":"2021-01-07T09:00:57","slug":"zeinha-torres-cancela-festa-de-janeiro-e-prorroga-calamidade-publica-por-pandemia-em-iguaracy","status":"publish","type":"post","link":"https:\/\/blogdojuniorcavalcanti.com.br\/index.php\/2021\/01\/07\/zeinha-torres-cancela-festa-de-janeiro-e-prorroga-calamidade-publica-por-pandemia-em-iguaracy\/","title":{"rendered":"Zeinha Torres cancela Festa de Janeiro e prorroga Calamidade P\u00fablica por pandemia em Iguaracy"},"content":{"rendered":"<p style=\"text-align: justify;\"><span style=\"font-size: 14pt;\"><img fetchpriority=\"high\" decoding=\"async\" class=\"alignleft  wp-image-193887\" src=\"https:\/\/i2.wp.com\/nilljunior.com.br\/wp-content\/uploads\/2021\/01\/decreto.jpg?resize=400%2C551&amp;ssl=1\" sizes=\"(max-width: 400px) 100vw, 400px\" srcset=\"https:\/\/i2.wp.com\/nilljunior.com.br\/wp-content\/uploads\/2021\/01\/decreto.jpg?w=430&amp;ssl=1 430w, https:\/\/i2.wp.com\/nilljunior.com.br\/wp-content\/uploads\/2021\/01\/decreto.jpg?resize=182%2C250&amp;ssl=1 182w, https:\/\/i2.wp.com\/nilljunior.com.br\/wp-content\/uploads\/2021\/01\/decreto.jpg?resize=291%2C400&amp;ssl=1 291w\" alt=\"\" width=\"400\" height=\"551\" data-attachment-id=\"193887\" data-permalink=\"https:\/\/nilljunior.com.br\/zeinha-torres-cancela-festa-de-janeiro-e-prorroga-calamidade-publica-por-pandemia-em-iguaracy\/decreto-3\/\" data-orig-file=\"https:\/\/i2.wp.com\/nilljunior.com.br\/wp-content\/uploads\/2021\/01\/decreto.jpg?fit=430%2C592&amp;ssl=1\" data-orig-size=\"430,592\" data-comments-opened=\"1\" data-image-meta=\"{&quot;aperture&quot;:&quot;0&quot;,&quot;credit&quot;:&quot;&quot;,&quot;camera&quot;:&quot;&quot;,&quot;caption&quot;:&quot;&quot;,&quot;created_timestamp&quot;:&quot;0&quot;,&quot;copyright&quot;:&quot;&quot;,&quot;focal_length&quot;:&quot;0&quot;,&quot;iso&quot;:&quot;0&quot;,&quot;shutter_speed&quot;:&quot;0&quot;,&quot;title&quot;:&quot;&quot;,&quot;orientation&quot;:&quot;0&quot;}\" data-image-title=\"decreto\" data-image-description=\"\" data-medium-file=\"https:\/\/i2.wp.com\/nilljunior.com.br\/wp-content\/uploads\/2021\/01\/decreto.jpg?fit=182%2C250&amp;ssl=1\" data-large-file=\"https:\/\/i2.wp.com\/nilljunior.com.br\/wp-content\/uploads\/2021\/01\/decreto.jpg?fit=291%2C400&amp;ssl=1\" \/><span style=\"font-family: arial, helvetica, sans-serif;\">O Prefeito de Iguaracy, Zeinha Torres, assinou dois decretos nesta quarta (6).<\/span><\/span><\/p>\n<p style=\"text-align: justify;\"><span style=\"font-size: 14pt; font-family: arial, helvetica, sans-serif;\">O primeiro, que cancela\u00a0 programa\u00e7\u00e3o cultural da tradicional Festa de Janeiro no munic\u00edpio.<\/span><\/p>\n<p style=\"text-align: justify;\"><span style=\"font-size: 14pt; font-family: arial, helvetica, sans-serif;\">A not\u00edcia era esperada em virtude da pandemia da Covid-19. A festa ocorreria entre 10 e 19 de janeiro.<\/span><\/p>\n<p style=\"text-align: justify;\"><span style=\"font-size: 14pt; font-family: arial, helvetica, sans-serif;\">A festa religiosa fica mantida, \u201cdesde que observadas as medidas dos \u00f3rg\u00e3os de fiscaliza\u00e7\u00e3o, bem como da Par\u00f3quia de S\u00e3o Sebasti\u00e3o e Diocese de Afogados da Ingazeira\u201d.<\/span><\/p>\n<p style=\"text-align: justify;\"><span style=\"font-size: 14pt; font-family: arial, helvetica, sans-serif;\">Outra decis\u00e3o foi de renovar o Decreto de Calamidade P\u00fablica em virtude da pandemia, considerando a manuten\u00e7\u00e3o do quadro de transmiss\u00e3o do Coronav\u00edrus.<\/span><\/p>\n<p style=\"text-align: justify;\"><span style=\"font-size: 14pt; font-family: arial, helvetica, sans-serif;\">O Decreto mant\u00e9m as medidas j\u00e1 tomadas ano passado, quando o primeiro decreto foi assinado em 31 de mar\u00e7o de 2020.<\/span><\/p>\n","protected":false},"excerpt":{"rendered":"<p>O Prefeito de Iguaracy, Zeinha Torres, assinou dois decretos nesta quarta (6). O primeiro, que cancela&nbsp; programa&ccedil;&atilde;o cultural da tradicional Festa de Janeiro no munic&iacute;pio. A not&iacute;cia era esperada em virtude da pandemia da Covid-19. A festa ocorreria entre 10 e 19 de janeiro. A festa religiosa fica mantida, &ldquo;desde que observadas as medidas dos &oacute;rg&atilde;os de fiscaliza&ccedil;&atilde;o, bem como da Par&oacute;quia de S&atilde;o Sebasti&atilde;o e Diocese de Afogados da Ingazeira&rdquo;. Outra decis&atilde;o foi de renovar o Decreto de Calamidade P&uacute;blica em virtude da pandemia, considerando a manuten&ccedil;&atilde;o do quadro de transmiss&atilde;o do Coronav&iacute;rus. O Decreto mant&eacute;m as medidas j&aacute; &#8230; <\/p>\n<p class=\"read-more-container\"><a title=\"Zeinha Torres cancela Festa de Janeiro e prorroga Calamidade P\u00fablica por pandemia em Iguaracy\" class=\"read-more button\" href=\"https:\/\/blogdojuniorcavalcanti.com.br\/index.php\/2021\/01\/07\/zeinha-torres-cancela-festa-de-janeiro-e-prorroga-calamidade-publica-por-pandemia-em-iguaracy\/#more-9504\" aria-label=\"More on Zeinha Torres cancela Festa de Janeiro e prorroga Calamidade P\u00fablica por pandemia em Iguaracy\">Leia mais<\/a><\/p>\n","protected":false},"author":2,"featured_media":0,"comment_status":"open","ping_status":"open","sticky":false,"template":"","format":"standard","meta":{"footnotes":""},"categories":[1],"tags":[],"class_list":["post-9504","post","type-post","status-publish","format-standard","hentry","category-sem-categoria"],"_links":{"self":[{"href":"https:\/\/blogdojuniorcavalcanti.com.br\/index.php\/wp-json\/wp\/v2\/posts\/9504","targetHints":{"allow":["GET"]}}],"collection":[{"href":"https:\/\/blogdojuniorcavalcanti.com.br\/index.php\/wp-json\/wp\/v2\/posts"}],"about":[{"href":"https:\/\/blogdojuniorcavalcanti.com.br\/index.php\/wp-json\/wp\/v2\/types\/post"}],"author":[{"embeddable":true,"href":"https:\/\/blogdojuniorcavalcanti.com.br\/index.php\/wp-json\/wp\/v2\/users\/2"}],"replies":[{"embeddable":true,"href":"https:\/\/blogdojuniorcavalcanti.com.br\/index.php\/wp-json\/wp\/v2\/comments?post=9504"}],"version-history":[{"count":1,"href":"https:\/\/blogdojuniorcavalcanti.com.br\/index.php\/wp-json\/wp\/v2\/posts\/9504\/revisions"}],"predecessor-version":[{"id":9505,"href":"https:\/\/blogdojuniorcavalcanti.com.br\/index.php\/wp-json\/wp\/v2\/posts\/9504\/revisions\/9505"}],"wp:attachment":[{"href":"https:\/\/blogdojuniorcavalcanti.com.br\/index.php\/wp-json\/wp\/v2\/media?parent=9504"}],"wp:term":[{"taxonomy":"category","embeddable":true,"href":"https:\/\/blogdojuniorcavalcanti.com.br\/index.php\/wp-json\/wp\/v2\/categories?post=9504"},{"taxonomy":"post_tag","embeddable":true,"href":"https:\/\/blogdojuniorcavalcanti.com.br\/index.php\/wp-json\/wp\/v2\/tags?post=9504"}],"curies":[{"name":"wp","href":"https:\/\/api.w.org\/{rel}","templated":true}]}}