{"id":9510,"date":"2021-01-07T06:02:27","date_gmt":"2021-01-07T09:02:27","guid":{"rendered":"http:\/\/blogdojuniorcavalcanti.com.br\/?p=9510"},"modified":"2021-01-07T06:02:27","modified_gmt":"2021-01-07T09:02:27","slug":"camara-avalia-se-eleicao-para-presidencia-sera-presencial-ou-remota","status":"publish","type":"post","link":"https:\/\/blogdojuniorcavalcanti.com.br\/index.php\/2021\/01\/07\/camara-avalia-se-eleicao-para-presidencia-sera-presencial-ou-remota\/","title":{"rendered":"C\u00e2mara avalia se elei\u00e7\u00e3o para presid\u00eancia ser\u00e1 presencial ou remota"},"content":{"rendered":"<div class=\"mc-column content-text active-extra-styles active-capital-letter\" data-block-type=\"unstyled\" data-block-weight=\"42\" data-block-id=\"1\">\n<p class=\"content-text__container theme-color-primary-first-letter\" style=\"text-align: justify;\" data-track-category=\"Link no Texto\" data-track-links=\"\"><span style=\"font-size: 14pt;\"><img fetchpriority=\"high\" decoding=\"async\" class=\"alignleft wp-image-181283\" src=\"https:\/\/i2.wp.com\/nilljunior.com.br\/wp-content\/uploads\/2020\/07\/camara_dos_deputados.jpg?resize=400%2C229&amp;ssl=1\" sizes=\"(max-width: 400px) 100vw, 400px\" srcset=\"https:\/\/i2.wp.com\/nilljunior.com.br\/wp-content\/uploads\/2020\/07\/camara_dos_deputados.jpg?resize=600%2C344&amp;ssl=1 600w, https:\/\/i2.wp.com\/nilljunior.com.br\/wp-content\/uploads\/2020\/07\/camara_dos_deputados.jpg?resize=300%2C172&amp;ssl=1 300w, https:\/\/i2.wp.com\/nilljunior.com.br\/wp-content\/uploads\/2020\/07\/camara_dos_deputados.jpg?w=750&amp;ssl=1 750w\" alt=\"\" width=\"400\" height=\"229\" data-attachment-id=\"181283\" data-permalink=\"https:\/\/nilljunior.com.br\/dem-e-mdb-deixam-o-centrao\/camara_dos_deputados\/\" data-orig-file=\"https:\/\/i2.wp.com\/nilljunior.com.br\/wp-content\/uploads\/2020\/07\/camara_dos_deputados.jpg?fit=750%2C430&amp;ssl=1\" data-orig-size=\"750,430\" data-comments-opened=\"1\" data-image-meta=\"{&quot;aperture&quot;:&quot;0&quot;,&quot;credit&quot;:&quot;&quot;,&quot;camera&quot;:&quot;&quot;,&quot;caption&quot;:&quot;&quot;,&quot;created_timestamp&quot;:&quot;0&quot;,&quot;copyright&quot;:&quot;&quot;,&quot;focal_length&quot;:&quot;0&quot;,&quot;iso&quot;:&quot;0&quot;,&quot;shutter_speed&quot;:&quot;0&quot;,&quot;title&quot;:&quot;&quot;,&quot;orientation&quot;:&quot;0&quot;}\" data-image-title=\"camara_dos_deputados\" data-image-description=\"\" data-medium-file=\"https:\/\/i2.wp.com\/nilljunior.com.br\/wp-content\/uploads\/2020\/07\/camara_dos_deputados.jpg?fit=300%2C172&amp;ssl=1\" data-large-file=\"https:\/\/i2.wp.com\/nilljunior.com.br\/wp-content\/uploads\/2020\/07\/camara_dos_deputados.jpg?fit=600%2C344&amp;ssl=1\" \/><span style=\"font-family: arial, helvetica, sans-serif;\">A\u00a0C\u00e2mara dos Deputados\u00a0avalia se a elei\u00e7\u00e3o para\u00a0escolha do pr\u00f3ximo presidente, em fevereiro, ser\u00e1 realizada presencialmente ou de forma remota, por meio de aplicativo, em raz\u00e3o da pandemia de Covid-19. A decis\u00e3o caber\u00e1 ao atual presidente, Rodrigo Maia (DEM-RJ).<\/span><\/span><\/p>\n<\/div>\n<div class=\"wall protected-content\">\n<div class=\"mc-column content-text active-extra-styles \" style=\"text-align: justify;\" data-block-type=\"unstyled\" data-block-weight=\"20\" data-block-id=\"2\">\n<p class=\"content-text__container \" data-track-category=\"Link no Texto\" data-track-links=\"\"><span style=\"font-size: 14pt; font-family: arial, helvetica, sans-serif;\">A log\u00edstica, por\u00e9m, \u00e9 desafiadora porque s\u00e3o 513 deputados, e a vota\u00e7\u00e3o \u00e9 secreta e pode ter dois turnos.<\/span><\/p>\n<\/div>\n<div class=\"mc-column content-text active-extra-styles \" style=\"text-align: justify;\" data-block-type=\"unstyled\" data-block-weight=\"50\" data-block-id=\"3\">\n<p class=\"content-text__container \" data-track-category=\"Link no Texto\" data-track-links=\"\"><span style=\"font-size: 14pt; font-family: arial, helvetica, sans-serif;\">A data da elei\u00e7\u00e3o ainda n\u00e3o est\u00e1 marcada, mas possivelmente ser\u00e1 na manh\u00e3 de 2 de fevereiro. Pelo regimento da C\u00e2mara, precisa acontecer at\u00e9 esse dia porque \u00e9 quando os trabalhos legislativos t\u00eam de ser retomados, ap\u00f3s o recesso parlamentar. A defini\u00e7\u00e3o da data tamb\u00e9m ser\u00e1 de Rodrigo Maia.<\/span><\/p>\n<\/div>\n<div class=\"mc-column content-text active-extra-styles \" data-block-type=\"unstyled\" data-block-weight=\"46\" data-block-id=\"4\">\n<p class=\"content-text__container \" style=\"text-align: justify;\" data-track-category=\"Link no Texto\" data-track-links=\"\"><span style=\"font-size: 14pt; font-family: arial, helvetica, sans-serif;\">A elei\u00e7\u00e3o sempre foi presencial. Cabines de vota\u00e7\u00e3o fechadas com cortinas para preservar o sigilo do voto eram instaladas no fundo do plen\u00e1rio da C\u00e2mara, e deputados formavam longas filas \u00e0 espera da vez de terem acesso \u00e0s urnas, em um processo que levava horas.<\/span><\/p>\n<div class=\"mc-column content-text active-extra-styles \" data-block-type=\"unstyled\" data-block-weight=\"36\" data-block-id=\"7\">\n<p class=\"content-text__container \" style=\"text-align: justify;\" data-track-category=\"Link no Texto\" data-track-links=\"\"><span style=\"font-size: 14pt; font-family: arial, helvetica, sans-serif;\">Neste ano, se a elei\u00e7\u00e3o for presencial, ser\u00e1 preciso adotar um formato diferente, que assegure o distanciamento social entre os parlamentares, conforme determinam as medidas de seguran\u00e7a sanit\u00e1ria para evitar o cont\u00e1gio do novo coronav\u00edrus. A principal possibilidade em estudo \u00e9 colocar as cabines de vota\u00e7\u00e3o espalhadas pelo Sal\u00e3o Verde, a fim de se evitar a aglomera\u00e7\u00e3o de todos os deputados no plen\u00e1rio.<\/span><\/p>\n<\/div>\n<\/div>\n<\/div>\n","protected":false},"excerpt":{"rendered":"<p>A&nbsp;C&acirc;mara dos Deputados&nbsp;avalia se a elei&ccedil;&atilde;o para&nbsp;escolha do pr&oacute;ximo presidente, em fevereiro, ser&aacute; realizada presencialmente ou de forma remota, por meio de aplicativo, em raz&atilde;o da pandemia de Covid-19. A decis&atilde;o caber&aacute; ao atual presidente, Rodrigo Maia (DEM-RJ). A log&iacute;stica, por&eacute;m, &eacute; desafiadora porque s&atilde;o 513 deputados, e a vota&ccedil;&atilde;o &eacute; secreta e pode ter dois turnos. A data da elei&ccedil;&atilde;o ainda n&atilde;o est&aacute; marcada, mas possivelmente ser&aacute; na manh&atilde; de 2 de fevereiro. Pelo regimento da C&acirc;mara, precisa acontecer at&eacute; esse dia porque &eacute; quando os trabalhos legislativos t&ecirc;m de ser retomados, ap&oacute;s o recesso parlamentar. A defini&ccedil;&atilde;o da &#8230; <\/p>\n<p class=\"read-more-container\"><a title=\"C\u00e2mara avalia se elei\u00e7\u00e3o para presid\u00eancia ser\u00e1 presencial ou remota\" class=\"read-more button\" href=\"https:\/\/blogdojuniorcavalcanti.com.br\/index.php\/2021\/01\/07\/camara-avalia-se-eleicao-para-presidencia-sera-presencial-ou-remota\/#more-9510\" aria-label=\"More on C\u00e2mara avalia se elei\u00e7\u00e3o para presid\u00eancia ser\u00e1 presencial ou remota\">Leia mais<\/a><\/p>\n","protected":false},"author":2,"featured_media":0,"comment_status":"open","ping_status":"open","sticky":false,"template":"","format":"standard","meta":{"footnotes":""},"categories":[1],"tags":[],"class_list":["post-9510","post","type-post","status-publish","format-standard","hentry","category-sem-categoria"],"_links":{"self":[{"href":"https:\/\/blogdojuniorcavalcanti.com.br\/index.php\/wp-json\/wp\/v2\/posts\/9510","targetHints":{"allow":["GET"]}}],"collection":[{"href":"https:\/\/blogdojuniorcavalcanti.com.br\/index.php\/wp-json\/wp\/v2\/posts"}],"about":[{"href":"https:\/\/blogdojuniorcavalcanti.com.br\/index.php\/wp-json\/wp\/v2\/types\/post"}],"author":[{"embeddable":true,"href":"https:\/\/blogdojuniorcavalcanti.com.br\/index.php\/wp-json\/wp\/v2\/users\/2"}],"replies":[{"embeddable":true,"href":"https:\/\/blogdojuniorcavalcanti.com.br\/index.php\/wp-json\/wp\/v2\/comments?post=9510"}],"version-history":[{"count":1,"href":"https:\/\/blogdojuniorcavalcanti.com.br\/index.php\/wp-json\/wp\/v2\/posts\/9510\/revisions"}],"predecessor-version":[{"id":9511,"href":"https:\/\/blogdojuniorcavalcanti.com.br\/index.php\/wp-json\/wp\/v2\/posts\/9510\/revisions\/9511"}],"wp:attachment":[{"href":"https:\/\/blogdojuniorcavalcanti.com.br\/index.php\/wp-json\/wp\/v2\/media?parent=9510"}],"wp:term":[{"taxonomy":"category","embeddable":true,"href":"https:\/\/blogdojuniorcavalcanti.com.br\/index.php\/wp-json\/wp\/v2\/categories?post=9510"},{"taxonomy":"post_tag","embeddable":true,"href":"https:\/\/blogdojuniorcavalcanti.com.br\/index.php\/wp-json\/wp\/v2\/tags?post=9510"}],"curies":[{"name":"wp","href":"https:\/\/api.w.org\/{rel}","templated":true}]}}