{"id":9558,"date":"2021-01-11T06:08:31","date_gmt":"2021-01-11T09:08:31","guid":{"rendered":"http:\/\/blogdojuniorcavalcanti.com.br\/?p=9558"},"modified":"2021-01-11T06:08:31","modified_gmt":"2021-01-11T09:08:31","slug":"caminho-de-armando-monteiro-deve-ser-o-psdb","status":"publish","type":"post","link":"https:\/\/blogdojuniorcavalcanti.com.br\/index.php\/2021\/01\/11\/caminho-de-armando-monteiro-deve-ser-o-psdb\/","title":{"rendered":"Caminho de Armando Monteiro deve ser o PSDB"},"content":{"rendered":"<p style=\"text-align: justify;\"><span style=\"font-size: 14pt;\"><strong><img fetchpriority=\"high\" decoding=\"async\" class=\"alignleft wp-image-139817\" src=\"https:\/\/i1.wp.com\/nilljunior.com.br\/wp-content\/uploads\/2018\/12\/Armando_m.jpg?resize=400%2C267&amp;ssl=1\" sizes=\"(max-width: 400px) 100vw, 400px\" srcset=\"https:\/\/i1.wp.com\/nilljunior.com.br\/wp-content\/uploads\/2018\/12\/Armando_m.jpg?w=566&amp;ssl=1 566w, https:\/\/i1.wp.com\/nilljunior.com.br\/wp-content\/uploads\/2018\/12\/Armando_m.jpg?resize=150%2C100&amp;ssl=1 150w, https:\/\/i1.wp.com\/nilljunior.com.br\/wp-content\/uploads\/2018\/12\/Armando_m.jpg?resize=300%2C200&amp;ssl=1 300w\" alt=\"\" width=\"400\" height=\"267\" data-attachment-id=\"139817\" data-permalink=\"https:\/\/nilljunior.com.br\/vai-a-camara-parecer-de-armando-a-projeto-que-inibe-carteis\/armando_m\/\" data-orig-file=\"https:\/\/i1.wp.com\/nilljunior.com.br\/wp-content\/uploads\/2018\/12\/Armando_m.jpg?fit=566%2C378&amp;ssl=1\" data-orig-size=\"566,378\" data-comments-opened=\"1\" data-image-meta=\"{&quot;aperture&quot;:&quot;0&quot;,&quot;credit&quot;:&quot;&quot;,&quot;camera&quot;:&quot;&quot;,&quot;caption&quot;:&quot;&quot;,&quot;created_timestamp&quot;:&quot;0&quot;,&quot;copyright&quot;:&quot;&quot;,&quot;focal_length&quot;:&quot;0&quot;,&quot;iso&quot;:&quot;0&quot;,&quot;shutter_speed&quot;:&quot;0&quot;,&quot;title&quot;:&quot;&quot;,&quot;orientation&quot;:&quot;0&quot;}\" data-image-title=\"Armando_m\" data-image-description=\"\" data-medium-file=\"https:\/\/i1.wp.com\/nilljunior.com.br\/wp-content\/uploads\/2018\/12\/Armando_m.jpg?fit=300%2C200&amp;ssl=1\" data-large-file=\"https:\/\/i1.wp.com\/nilljunior.com.br\/wp-content\/uploads\/2018\/12\/Armando_m.jpg?fit=566%2C378&amp;ssl=1\" \/><span style=\"font-family: arial, helvetica, sans-serif;\">Blog do Magno\u00a0<\/span><\/strong><\/span><\/p>\n<p style=\"text-align: justify;\"><span style=\"font-size: 14pt; font-family: arial, helvetica, sans-serif;\">Sem partido desde a campanha municipal de 2020, quando no segundo turno anunciou apoio no Recife \u00e0 candidata do PT, Mar\u00edlia Arraes, o ex-senador Armando Monteiro j\u00e1 est\u00e1 com os dois p\u00e9s no PSDB, legenda em n\u00edvel nacional presidida pelo pernambucano Bruno Ara\u00fajo, ex-ministro.<\/span><\/p>\n<p style=\"text-align: justify;\"><span style=\"font-size: 14pt; font-family: arial, helvetica, sans-serif;\">Em conversa, h\u00e1 pouco, com este blogueiro, Bruno confirmou que as portas est\u00e3o abertas para Armando no PSDB e que ser\u00e1 recebido com tapete vermelho. Armando militou por muito tempo no PTB, partido pelo qual foi eleito senador e disputou o Governo do Estado.<\/span><\/p>\n<p style=\"text-align: justify;\"><span style=\"font-size: 14pt; font-family: arial, helvetica, sans-serif;\">\u201cArmando \u00e9 um dos grandes quadros da vida p\u00fablica nacional e nos honraria muito v\u00ea-lo num partido que tem muito do que ele pensa e do que defendeu ao longo de sua jornada. Ele tem muitos amigo no PSDB que o respeitam profundamente\u201d, disse o dirigente tucano.<\/span><\/p>\n<p style=\"text-align: justify;\"><span style=\"font-size: 14pt; font-family: arial, helvetica, sans-serif;\">O ex-senador deve decidir seu destino partid\u00e1rio at\u00e9 o fim do m\u00eas. Ele tem convite tamb\u00e9m de outras legendas, entre as quais MDB, DEM, Cidadania e Podemos. \u201cVou para um partido sem alinhamento ao Governo de Pernambuco e em n\u00edvel nacional sem atrelamento a Bolsonaro\u201d, disse Armando.<\/span><\/p>\n","protected":false},"excerpt":{"rendered":"<p>Blog do Magno&nbsp; Sem partido desde a campanha municipal de 2020, quando no segundo turno anunciou apoio no Recife &agrave; candidata do PT, Mar&iacute;lia Arraes, o ex-senador Armando Monteiro j&aacute; est&aacute; com os dois p&eacute;s no PSDB, legenda em n&iacute;vel nacional presidida pelo pernambucano Bruno Ara&uacute;jo, ex-ministro. Em conversa, h&aacute; pouco, com este blogueiro, Bruno confirmou que as portas est&atilde;o abertas para Armando no PSDB e que ser&aacute; recebido com tapete vermelho. Armando militou por muito tempo no PTB, partido pelo qual foi eleito senador e disputou o Governo do Estado. &ldquo;Armando &eacute; um dos grandes quadros da vida p&uacute;blica &#8230; <\/p>\n<p class=\"read-more-container\"><a title=\"Caminho de Armando Monteiro deve ser o PSDB\" class=\"read-more button\" href=\"https:\/\/blogdojuniorcavalcanti.com.br\/index.php\/2021\/01\/11\/caminho-de-armando-monteiro-deve-ser-o-psdb\/#more-9558\" aria-label=\"More on Caminho de Armando Monteiro deve ser o PSDB\">Leia mais<\/a><\/p>\n","protected":false},"author":2,"featured_media":0,"comment_status":"open","ping_status":"open","sticky":false,"template":"","format":"standard","meta":{"footnotes":""},"categories":[1],"tags":[],"class_list":["post-9558","post","type-post","status-publish","format-standard","hentry","category-sem-categoria"],"_links":{"self":[{"href":"https:\/\/blogdojuniorcavalcanti.com.br\/index.php\/wp-json\/wp\/v2\/posts\/9558","targetHints":{"allow":["GET"]}}],"collection":[{"href":"https:\/\/blogdojuniorcavalcanti.com.br\/index.php\/wp-json\/wp\/v2\/posts"}],"about":[{"href":"https:\/\/blogdojuniorcavalcanti.com.br\/index.php\/wp-json\/wp\/v2\/types\/post"}],"author":[{"embeddable":true,"href":"https:\/\/blogdojuniorcavalcanti.com.br\/index.php\/wp-json\/wp\/v2\/users\/2"}],"replies":[{"embeddable":true,"href":"https:\/\/blogdojuniorcavalcanti.com.br\/index.php\/wp-json\/wp\/v2\/comments?post=9558"}],"version-history":[{"count":1,"href":"https:\/\/blogdojuniorcavalcanti.com.br\/index.php\/wp-json\/wp\/v2\/posts\/9558\/revisions"}],"predecessor-version":[{"id":9559,"href":"https:\/\/blogdojuniorcavalcanti.com.br\/index.php\/wp-json\/wp\/v2\/posts\/9558\/revisions\/9559"}],"wp:attachment":[{"href":"https:\/\/blogdojuniorcavalcanti.com.br\/index.php\/wp-json\/wp\/v2\/media?parent=9558"}],"wp:term":[{"taxonomy":"category","embeddable":true,"href":"https:\/\/blogdojuniorcavalcanti.com.br\/index.php\/wp-json\/wp\/v2\/categories?post=9558"},{"taxonomy":"post_tag","embeddable":true,"href":"https:\/\/blogdojuniorcavalcanti.com.br\/index.php\/wp-json\/wp\/v2\/tags?post=9558"}],"curies":[{"name":"wp","href":"https:\/\/api.w.org\/{rel}","templated":true}]}}