{"id":9564,"date":"2021-01-11T06:09:48","date_gmt":"2021-01-11T09:09:48","guid":{"rendered":"http:\/\/blogdojuniorcavalcanti.com.br\/?p=9564"},"modified":"2021-01-11T06:09:48","modified_gmt":"2021-01-11T09:09:48","slug":"jabitaca-registra-homicidio","status":"publish","type":"post","link":"https:\/\/blogdojuniorcavalcanti.com.br\/index.php\/2021\/01\/11\/jabitaca-registra-homicidio\/","title":{"rendered":"Jabitac\u00e1 registra homic\u00eddio"},"content":{"rendered":"<p style=\"text-align: justify;\"><span style=\"font-size: 14pt;\"><img fetchpriority=\"high\" decoding=\"async\" class=\"alignleft wp-image-194129\" src=\"https:\/\/i2.wp.com\/nilljunior.com.br\/wp-content\/uploads\/2021\/01\/images-2021-01-10T101310.143.jpeg?resize=400%2C300&amp;ssl=1\" sizes=\"(max-width: 400px) 100vw, 400px\" srcset=\"https:\/\/i2.wp.com\/nilljunior.com.br\/wp-content\/uploads\/2021\/01\/images-2021-01-10T101310.143.jpeg?w=550&amp;ssl=1 550w, https:\/\/i2.wp.com\/nilljunior.com.br\/wp-content\/uploads\/2021\/01\/images-2021-01-10T101310.143.jpeg?resize=300%2C225&amp;ssl=1 300w, https:\/\/i2.wp.com\/nilljunior.com.br\/wp-content\/uploads\/2021\/01\/images-2021-01-10T101310.143.jpeg?resize=534%2C400&amp;ssl=1 534w\" alt=\"\" width=\"400\" height=\"300\" data-attachment-id=\"194129\" data-permalink=\"https:\/\/nilljunior.com.br\/jabitaca-registra-homicidio\/images-2021-01-10t101310-143\/\" data-orig-file=\"https:\/\/i2.wp.com\/nilljunior.com.br\/wp-content\/uploads\/2021\/01\/images-2021-01-10T101310.143.jpeg?fit=550%2C412&amp;ssl=1\" data-orig-size=\"550,412\" data-comments-opened=\"1\" data-image-meta=\"{&quot;aperture&quot;:&quot;0&quot;,&quot;credit&quot;:&quot;&quot;,&quot;camera&quot;:&quot;&quot;,&quot;caption&quot;:&quot;&quot;,&quot;created_timestamp&quot;:&quot;0&quot;,&quot;copyright&quot;:&quot;&quot;,&quot;focal_length&quot;:&quot;0&quot;,&quot;iso&quot;:&quot;0&quot;,&quot;shutter_speed&quot;:&quot;0&quot;,&quot;title&quot;:&quot;&quot;,&quot;orientation&quot;:&quot;0&quot;}\" data-image-title=\"images \u2013 2021-01-10T101310.143\" data-image-description=\"\" data-medium-file=\"https:\/\/i2.wp.com\/nilljunior.com.br\/wp-content\/uploads\/2021\/01\/images-2021-01-10T101310.143.jpeg?fit=300%2C225&amp;ssl=1\" data-large-file=\"https:\/\/i2.wp.com\/nilljunior.com.br\/wp-content\/uploads\/2021\/01\/images-2021-01-10T101310.143.jpeg?fit=534%2C400&amp;ssl=1\" \/><span style=\"font-family: arial, helvetica, sans-serif;\">Um homem de 36 anos foi assassinado a facadas na noite deste s\u00e1bado (09), no distrito de Jabitac\u00e1. \u00c9 o segundo homic\u00eddio do ano registrado no munic\u00edpio de Iguaracy.<\/span><\/span><\/p>\n<p style=\"text-align: justify;\"><span style=\"font-size: 14pt; font-family: arial, helvetica, sans-serif;\">Jos\u00e9 Alves Balbino, residia no s\u00edtio Pitombeira, zona rural, munic\u00edpio de Iguaracy-.<\/span><\/p>\n<p style=\"text-align: justify;\"><span style=\"font-size: 14pt; font-family: arial, helvetica, sans-serif;\">O homic\u00eddio aconteceu por volta de 22h30. De acordo com relatos policiais, a v\u00edtima havia entrado em luta corporal com o acusado, sendo esfaqueado na regi\u00e3o do abdome e pesco\u00e7o.<\/span><\/p>\n<p style=\"text-align: justify;\"><span style=\"font-size: 14pt; font-family: arial, helvetica, sans-serif;\">Ap\u00f3s o crime, o acusado tentou se evadir do local, por\u00e9m foi detido por policiais militares.<\/span><\/p>\n<p style=\"text-align: justify;\"><span style=\"font-size: 14pt; font-family: arial, helvetica, sans-serif;\">O acusado foi conduzido \u00e0 Delegacia de Pol\u00edcia Civil \u2013 DPC de Afogados da Ingazeira, onde foi autuado em flagrante delito. O corpo da v\u00edtima foi conduzido ao IML de Caruaru-PE.<\/span><\/p>\n","protected":false},"excerpt":{"rendered":"<p>Um homem de 36 anos foi assassinado a facadas na noite deste s&aacute;bado (09), no distrito de Jabitac&aacute;. &Eacute; o segundo homic&iacute;dio do ano registrado no munic&iacute;pio de Iguaracy. Jos&eacute; Alves Balbino, residia no s&iacute;tio Pitombeira, zona rural, munic&iacute;pio de Iguaracy-. O homic&iacute;dio aconteceu por volta de 22h30. De acordo com relatos policiais, a v&iacute;tima havia entrado em luta corporal com o acusado, sendo esfaqueado na regi&atilde;o do abdome e pesco&ccedil;o. Ap&oacute;s o crime, o acusado tentou se evadir do local, por&eacute;m foi detido por policiais militares. O acusado foi conduzido &agrave; Delegacia de Pol&iacute;cia Civil &ndash; DPC de Afogados &#8230; <\/p>\n<p class=\"read-more-container\"><a title=\"Jabitac\u00e1 registra homic\u00eddio\" class=\"read-more button\" href=\"https:\/\/blogdojuniorcavalcanti.com.br\/index.php\/2021\/01\/11\/jabitaca-registra-homicidio\/#more-9564\" aria-label=\"More on Jabitac\u00e1 registra homic\u00eddio\">Leia mais<\/a><\/p>\n","protected":false},"author":2,"featured_media":0,"comment_status":"open","ping_status":"open","sticky":false,"template":"","format":"standard","meta":{"footnotes":""},"categories":[1],"tags":[],"class_list":["post-9564","post","type-post","status-publish","format-standard","hentry","category-sem-categoria"],"_links":{"self":[{"href":"https:\/\/blogdojuniorcavalcanti.com.br\/index.php\/wp-json\/wp\/v2\/posts\/9564","targetHints":{"allow":["GET"]}}],"collection":[{"href":"https:\/\/blogdojuniorcavalcanti.com.br\/index.php\/wp-json\/wp\/v2\/posts"}],"about":[{"href":"https:\/\/blogdojuniorcavalcanti.com.br\/index.php\/wp-json\/wp\/v2\/types\/post"}],"author":[{"embeddable":true,"href":"https:\/\/blogdojuniorcavalcanti.com.br\/index.php\/wp-json\/wp\/v2\/users\/2"}],"replies":[{"embeddable":true,"href":"https:\/\/blogdojuniorcavalcanti.com.br\/index.php\/wp-json\/wp\/v2\/comments?post=9564"}],"version-history":[{"count":1,"href":"https:\/\/blogdojuniorcavalcanti.com.br\/index.php\/wp-json\/wp\/v2\/posts\/9564\/revisions"}],"predecessor-version":[{"id":9565,"href":"https:\/\/blogdojuniorcavalcanti.com.br\/index.php\/wp-json\/wp\/v2\/posts\/9564\/revisions\/9565"}],"wp:attachment":[{"href":"https:\/\/blogdojuniorcavalcanti.com.br\/index.php\/wp-json\/wp\/v2\/media?parent=9564"}],"wp:term":[{"taxonomy":"category","embeddable":true,"href":"https:\/\/blogdojuniorcavalcanti.com.br\/index.php\/wp-json\/wp\/v2\/categories?post=9564"},{"taxonomy":"post_tag","embeddable":true,"href":"https:\/\/blogdojuniorcavalcanti.com.br\/index.php\/wp-json\/wp\/v2\/tags?post=9564"}],"curies":[{"name":"wp","href":"https:\/\/api.w.org\/{rel}","templated":true}]}}