{"id":9802,"date":"2021-01-28T06:18:14","date_gmt":"2021-01-28T09:18:14","guid":{"rendered":"http:\/\/blogdojuniorcavalcanti.com.br\/?p=9802"},"modified":"2021-01-28T06:18:14","modified_gmt":"2021-01-28T09:18:14","slug":"armando-vai-para-o-psdb-e-raquel-assume-presidencia","status":"publish","type":"post","link":"https:\/\/blogdojuniorcavalcanti.com.br\/index.php\/2021\/01\/28\/armando-vai-para-o-psdb-e-raquel-assume-presidencia\/","title":{"rendered":"Armando vai para o PSDB e Raquel assume presid\u00eancia"},"content":{"rendered":"<p style=\"text-align: justify;\"><span style=\"font-size: 14pt;\"><img fetchpriority=\"high\" decoding=\"async\" class=\"alignleft wp-image-195583\" src=\"https:\/\/i1.wp.com\/nilljunior.com.br\/wp-content\/uploads\/2021\/01\/13a507701e.jpeg?resize=400%2C267&amp;ssl=1\" sizes=\"(max-width: 400px) 100vw, 400px\" srcset=\"https:\/\/i1.wp.com\/nilljunior.com.br\/wp-content\/uploads\/2021\/01\/13a507701e.jpeg?resize=600%2C400&amp;ssl=1 600w, https:\/\/i1.wp.com\/nilljunior.com.br\/wp-content\/uploads\/2021\/01\/13a507701e.jpeg?resize=150%2C100&amp;ssl=1 150w, https:\/\/i1.wp.com\/nilljunior.com.br\/wp-content\/uploads\/2021\/01\/13a507701e.jpeg?resize=300%2C200&amp;ssl=1 300w, https:\/\/i1.wp.com\/nilljunior.com.br\/wp-content\/uploads\/2021\/01\/13a507701e.jpeg?resize=768%2C513&amp;ssl=1 768w, https:\/\/i1.wp.com\/nilljunior.com.br\/wp-content\/uploads\/2021\/01\/13a507701e.jpeg?w=960&amp;ssl=1 960w\" alt=\"\" width=\"400\" height=\"267\" data-attachment-id=\"195583\" data-permalink=\"https:\/\/nilljunior.com.br\/armando-vai-para-o-psdb-e-raquel-assume-presidencia\/13a507701e\/\" data-orig-file=\"https:\/\/i1.wp.com\/nilljunior.com.br\/wp-content\/uploads\/2021\/01\/13a507701e.jpeg?fit=960%2C641&amp;ssl=1\" data-orig-size=\"960,641\" data-comments-opened=\"1\" data-image-meta=\"{&quot;aperture&quot;:&quot;0&quot;,&quot;credit&quot;:&quot;&quot;,&quot;camera&quot;:&quot;&quot;,&quot;caption&quot;:&quot;&quot;,&quot;created_timestamp&quot;:&quot;0&quot;,&quot;copyright&quot;:&quot;&quot;,&quot;focal_length&quot;:&quot;0&quot;,&quot;iso&quot;:&quot;0&quot;,&quot;shutter_speed&quot;:&quot;0&quot;,&quot;title&quot;:&quot;&quot;,&quot;orientation&quot;:&quot;1&quot;}\" data-image-title=\"13a507701e\" data-image-description=\"\" data-medium-file=\"https:\/\/i1.wp.com\/nilljunior.com.br\/wp-content\/uploads\/2021\/01\/13a507701e.jpeg?fit=300%2C200&amp;ssl=1\" data-large-file=\"https:\/\/i1.wp.com\/nilljunior.com.br\/wp-content\/uploads\/2021\/01\/13a507701e.jpeg?fit=600%2C400&amp;ssl=1\" \/><span style=\"font-family: arial, helvetica, sans-serif;\">O PSDB nacional j\u00e1 bateu o martelo: o ex-senador Armando Monteiro, que deixou o PTB depois de uma longa milit\u00e2ncia, ingressa no partido em fevereiro. Tamb\u00e9m acertou que a prefeita de Caruaru, Raquel Lyra, assume a presid\u00eancia do diret\u00f3rio estadual tucano em substitui\u00e7\u00e3o a deputada Alexandra Vieira.\u00a0\u00a0<strong>A informa\u00e7\u00e3o \u00e9 do Blog do Magno.<\/strong><\/span><\/span><\/p>\n<p style=\"text-align: justify;\"><span style=\"font-size: 14pt; font-family: arial, helvetica, sans-serif;\">Quadro mais expressivo do partido no Estado, Raquel passa a ter maior visibilidade com vistas ao prov\u00e1vel projeto de disputar o Governo do Estado em 2022, se vier de fato a mostrar disposi\u00e7\u00e3o para o embate.<\/span><\/p>\n<p style=\"text-align: justify;\"><span style=\"font-size: 14pt; font-family: arial, helvetica, sans-serif;\">J\u00e1 Armando, nome de proje\u00e7\u00e3o nacional,\u00a0\u00a0entra no PSDB com a miss\u00e3o ampliar o partido no Nordeste, ao mesmo tempo que far\u00e1 uma dobradinha com Raquel para atrair filia\u00e7\u00e3o do maior n\u00famero poss\u00edvel de novas lideran\u00e7as\u00a0no Estado, entre deputados, prefeitos, ex-prefeitos e vereadores, al\u00e9m de lideran\u00e7as empresariais com inser\u00e7\u00e3o na pol\u00edtica.<\/span><\/p>\n<p style=\"text-align: justify;\"><span style=\"font-size: 14pt; font-family: arial, helvetica, sans-serif;\">Presidente nacional da legenda, o pernambucano Bruno Ara\u00fajo est\u00e1 animado com a nova fase que o partido passar\u00e1 a viver logo ap\u00f3s o carnaval. A posse de Raquel e a filia\u00e7\u00e3o de Armando contar\u00e3o com a presen\u00e7a de Bruno e do governador de S\u00e3o Paulo, Jo\u00e3o D\u00f3ria, pr\u00e9-candidato tucano ao Planalto.<\/span><\/p>\n","protected":false},"excerpt":{"rendered":"<p>O PSDB nacional j&aacute; bateu o martelo: o ex-senador Armando Monteiro, que deixou o PTB depois de uma longa milit&acirc;ncia, ingressa no partido em fevereiro. Tamb&eacute;m acertou que a prefeita de Caruaru, Raquel Lyra, assume a presid&ecirc;ncia do diret&oacute;rio estadual tucano em substitui&ccedil;&atilde;o a deputada Alexandra Vieira.&nbsp;&nbsp;A informa&ccedil;&atilde;o &eacute; do Blog do Magno. Quadro mais expressivo do partido no Estado, Raquel passa a ter maior visibilidade com vistas ao prov&aacute;vel projeto de disputar o Governo do Estado em 2022, se vier de fato a mostrar disposi&ccedil;&atilde;o para o embate. J&aacute; Armando, nome de proje&ccedil;&atilde;o nacional,&nbsp;&nbsp;entra no PSDB com a miss&atilde;o &#8230; <\/p>\n<p class=\"read-more-container\"><a title=\"Armando vai para o PSDB e Raquel assume presid\u00eancia\" class=\"read-more button\" href=\"https:\/\/blogdojuniorcavalcanti.com.br\/index.php\/2021\/01\/28\/armando-vai-para-o-psdb-e-raquel-assume-presidencia\/#more-9802\" aria-label=\"More on Armando vai para o PSDB e Raquel assume presid\u00eancia\">Leia mais<\/a><\/p>\n","protected":false},"author":2,"featured_media":0,"comment_status":"open","ping_status":"open","sticky":false,"template":"","format":"standard","meta":{"footnotes":""},"categories":[1],"tags":[],"class_list":["post-9802","post","type-post","status-publish","format-standard","hentry","category-sem-categoria"],"_links":{"self":[{"href":"https:\/\/blogdojuniorcavalcanti.com.br\/index.php\/wp-json\/wp\/v2\/posts\/9802","targetHints":{"allow":["GET"]}}],"collection":[{"href":"https:\/\/blogdojuniorcavalcanti.com.br\/index.php\/wp-json\/wp\/v2\/posts"}],"about":[{"href":"https:\/\/blogdojuniorcavalcanti.com.br\/index.php\/wp-json\/wp\/v2\/types\/post"}],"author":[{"embeddable":true,"href":"https:\/\/blogdojuniorcavalcanti.com.br\/index.php\/wp-json\/wp\/v2\/users\/2"}],"replies":[{"embeddable":true,"href":"https:\/\/blogdojuniorcavalcanti.com.br\/index.php\/wp-json\/wp\/v2\/comments?post=9802"}],"version-history":[{"count":1,"href":"https:\/\/blogdojuniorcavalcanti.com.br\/index.php\/wp-json\/wp\/v2\/posts\/9802\/revisions"}],"predecessor-version":[{"id":9803,"href":"https:\/\/blogdojuniorcavalcanti.com.br\/index.php\/wp-json\/wp\/v2\/posts\/9802\/revisions\/9803"}],"wp:attachment":[{"href":"https:\/\/blogdojuniorcavalcanti.com.br\/index.php\/wp-json\/wp\/v2\/media?parent=9802"}],"wp:term":[{"taxonomy":"category","embeddable":true,"href":"https:\/\/blogdojuniorcavalcanti.com.br\/index.php\/wp-json\/wp\/v2\/categories?post=9802"},{"taxonomy":"post_tag","embeddable":true,"href":"https:\/\/blogdojuniorcavalcanti.com.br\/index.php\/wp-json\/wp\/v2\/tags?post=9802"}],"curies":[{"name":"wp","href":"https:\/\/api.w.org\/{rel}","templated":true}]}}