{"id":9870,"date":"2021-02-04T05:59:40","date_gmt":"2021-02-04T08:59:40","guid":{"rendered":"http:\/\/blogdojuniorcavalcanti.com.br\/?p=9870"},"modified":"2021-02-04T05:59:40","modified_gmt":"2021-02-04T08:59:40","slug":"eleicoes-da-uvp-pre-candidatos-buscam-consenso-para-evitar-reeleicao-de-josinaldo-barbosa","status":"publish","type":"post","link":"https:\/\/blogdojuniorcavalcanti.com.br\/index.php\/2021\/02\/04\/eleicoes-da-uvp-pre-candidatos-buscam-consenso-para-evitar-reeleicao-de-josinaldo-barbosa\/","title":{"rendered":"Elei\u00e7\u00f5es da UVP: pr\u00e9-candidatos buscam consenso para evitar reelei\u00e7\u00e3o de Josinaldo Barbosa"},"content":{"rendered":"<p style=\"text-align: justify;\"><span style=\"font-size: 14pt;\"><a href=\"https:\/\/i1.wp.com\/nilljunior.com.br\/wp-content\/uploads\/2021\/02\/UVP-pre-candidatos.jpeg?ssl=1\"><img fetchpriority=\"high\" decoding=\"async\" class=\"alignleft wp-image-196164\" src=\"https:\/\/i1.wp.com\/nilljunior.com.br\/wp-content\/uploads\/2021\/02\/UVP-pre-candidatos.jpeg?resize=400%2C299&amp;ssl=1\" sizes=\"(max-width: 400px) 100vw, 400px\" srcset=\"https:\/\/i1.wp.com\/nilljunior.com.br\/wp-content\/uploads\/2021\/02\/UVP-pre-candidatos.jpeg?w=1280&amp;ssl=1 1280w, https:\/\/i1.wp.com\/nilljunior.com.br\/wp-content\/uploads\/2021\/02\/UVP-pre-candidatos.jpeg?resize=300%2C225&amp;ssl=1 300w, https:\/\/i1.wp.com\/nilljunior.com.br\/wp-content\/uploads\/2021\/02\/UVP-pre-candidatos.jpeg?resize=768%2C575&amp;ssl=1 768w, https:\/\/i1.wp.com\/nilljunior.com.br\/wp-content\/uploads\/2021\/02\/UVP-pre-candidatos.jpeg?resize=534%2C400&amp;ssl=1 534w\" alt=\"\" width=\"400\" height=\"300\" data-attachment-id=\"196164\" data-permalink=\"https:\/\/nilljunior.com.br\/eleicoes-da-uvp-pre-candidatos-buscam-consenso-para-evitar-reeleicao-de-josinaldo-barbosa\/uvp-pre-candidatos\/\" data-orig-file=\"https:\/\/i1.wp.com\/nilljunior.com.br\/wp-content\/uploads\/2021\/02\/UVP-pre-candidatos.jpeg?fit=1280%2C958&amp;ssl=1\" data-orig-size=\"1280,958\" data-comments-opened=\"1\" data-image-meta=\"{&quot;aperture&quot;:&quot;0&quot;,&quot;credit&quot;:&quot;&quot;,&quot;camera&quot;:&quot;&quot;,&quot;caption&quot;:&quot;&quot;,&quot;created_timestamp&quot;:&quot;0&quot;,&quot;copyright&quot;:&quot;&quot;,&quot;focal_length&quot;:&quot;0&quot;,&quot;iso&quot;:&quot;0&quot;,&quot;shutter_speed&quot;:&quot;0&quot;,&quot;title&quot;:&quot;&quot;,&quot;orientation&quot;:&quot;0&quot;}\" data-image-title=\"UVP-pre-candidatos\" data-image-description=\"\" data-medium-file=\"https:\/\/i1.wp.com\/nilljunior.com.br\/wp-content\/uploads\/2021\/02\/UVP-pre-candidatos.jpeg?fit=300%2C225&amp;ssl=1\" data-large-file=\"https:\/\/i1.wp.com\/nilljunior.com.br\/wp-content\/uploads\/2021\/02\/UVP-pre-candidatos.jpeg?fit=534%2C400&amp;ssl=1\" \/><\/a><span style=\"font-family: arial, helvetica, sans-serif;\">Os Pr\u00e9-candidatos \u00e0 Presid\u00eancia da Uni\u00e3o dos Vereadores de Pernambuco\u00a0 Luciano Pacheco (Arcoverde), Fiapo (Sert\u00e2nia), Jos\u00e9 Raimundo (Serra Talhada), Davi Santos (Jo\u00e3o Alfredo), Weber Santana (Carnaubeira da Penha), Erica Uchoa (Iguara\u00e7u), Jo\u00e3o Chaves (S\u00e3o Caetano) e Joel Gomes (Tuparetama) se reuniram hoje na cidade de Arcoverde para discutirem a possibilidade de uma candidatura de consenso visando enfrentar a mais uma tentativa de reelei\u00e7\u00e3o do atual Presidente da entidade Josinaldo Barbosa.\u00a0<\/span><\/span><\/p>\n<p style=\"text-align: justify;\"><span style=\"font-size: 14pt; font-family: arial, helvetica, sans-serif;\">Segundo o vereador Jo\u00e3o Chaves a candidatura de Josinaldo enfrenta um forte desgaste por se tratar de um projeto unicamente de perpetua\u00e7\u00e3o no poder e ainda pela falta de transpar\u00eancia na administra\u00e7\u00e3o dos recursos da entidade que s\u00e3o p\u00fablicos.\u00a0<\/span><\/p>\n<p style=\"text-align: justify;\"><span style=\"font-size: 14pt; font-family: arial, helvetica, sans-serif;\">Na ocasi\u00e3o decidiram protocolar requerimento assinado por todos os presentes na Uni\u00e3o dos Vereadores de Pernambuco \u2013 UVP solicitando a presta\u00e7\u00e3o de contas da entidade dos exerc\u00edcios de 2019 e 2020\u00a0 n\u00e3o divulgadas.\u00a0<\/span><\/p>\n<p style=\"text-align: justify;\"><span style=\"font-size: 14pt; font-family: arial, helvetica, sans-serif;\">\u201cPrecisamos devolver o respeito e a representatividade que a UVP tinha na \u00e9poca de Jo\u00e3o Batista e que hoje a AMUPE tem com Jos\u00e9 Patriota, e este\u00a0 n\u00e3o \u00e9 o caminho com mais uma reelei\u00e7\u00e3o\u00a0 de Josinaldo\u201d destacou na reuni\u00e3o o vereador Serra Talhadense Jos\u00e9 Raimundo.\u00a0<\/span><\/p>\n<p style=\"text-align: justify;\"><span style=\"font-size: 14pt; font-family: arial, helvetica, sans-serif;\">Na pr\u00f3xima ter\u00e7a-feira (09\/02), nova reuni\u00e3o dever\u00e1 ocorrer na cidade de S\u00e3o Caetano onde ser\u00e1 decidido o candidato de consenso do grupo j\u00e1 que todos se dispuseram a abrir m\u00e3o de suas candidaturas pr\u00f3prias em nome de um projeto vi\u00e1vel de reconstru\u00e7\u00e3o da UVP.<\/span><\/p>\n","protected":false},"excerpt":{"rendered":"<p>Os Pr&eacute;-candidatos &agrave; Presid&ecirc;ncia da Uni&atilde;o dos Vereadores de Pernambuco&nbsp; Luciano Pacheco (Arcoverde), Fiapo (Sert&acirc;nia), Jos&eacute; Raimundo (Serra Talhada), Davi Santos (Jo&atilde;o Alfredo), Weber Santana (Carnaubeira da Penha), Erica Uchoa (Iguara&ccedil;u), Jo&atilde;o Chaves (S&atilde;o Caetano) e Joel Gomes (Tuparetama) se reuniram hoje na cidade de Arcoverde para discutirem a possibilidade de uma candidatura de consenso visando enfrentar a mais uma tentativa de reelei&ccedil;&atilde;o do atual Presidente da entidade Josinaldo Barbosa.&nbsp; Segundo o vereador Jo&atilde;o Chaves a candidatura de Josinaldo enfrenta um forte desgaste por se tratar de um projeto unicamente de perpetua&ccedil;&atilde;o no poder e ainda pela falta de transpar&ecirc;ncia &#8230; <\/p>\n<p class=\"read-more-container\"><a title=\"Elei\u00e7\u00f5es da UVP: pr\u00e9-candidatos buscam consenso para evitar reelei\u00e7\u00e3o de Josinaldo Barbosa\" class=\"read-more button\" href=\"https:\/\/blogdojuniorcavalcanti.com.br\/index.php\/2021\/02\/04\/eleicoes-da-uvp-pre-candidatos-buscam-consenso-para-evitar-reeleicao-de-josinaldo-barbosa\/#more-9870\" aria-label=\"More on Elei\u00e7\u00f5es da UVP: pr\u00e9-candidatos buscam consenso para evitar reelei\u00e7\u00e3o de Josinaldo Barbosa\">Leia mais<\/a><\/p>\n","protected":false},"author":2,"featured_media":0,"comment_status":"open","ping_status":"open","sticky":false,"template":"","format":"standard","meta":{"footnotes":""},"categories":[1],"tags":[],"class_list":["post-9870","post","type-post","status-publish","format-standard","hentry","category-sem-categoria"],"_links":{"self":[{"href":"https:\/\/blogdojuniorcavalcanti.com.br\/index.php\/wp-json\/wp\/v2\/posts\/9870","targetHints":{"allow":["GET"]}}],"collection":[{"href":"https:\/\/blogdojuniorcavalcanti.com.br\/index.php\/wp-json\/wp\/v2\/posts"}],"about":[{"href":"https:\/\/blogdojuniorcavalcanti.com.br\/index.php\/wp-json\/wp\/v2\/types\/post"}],"author":[{"embeddable":true,"href":"https:\/\/blogdojuniorcavalcanti.com.br\/index.php\/wp-json\/wp\/v2\/users\/2"}],"replies":[{"embeddable":true,"href":"https:\/\/blogdojuniorcavalcanti.com.br\/index.php\/wp-json\/wp\/v2\/comments?post=9870"}],"version-history":[{"count":1,"href":"https:\/\/blogdojuniorcavalcanti.com.br\/index.php\/wp-json\/wp\/v2\/posts\/9870\/revisions"}],"predecessor-version":[{"id":9871,"href":"https:\/\/blogdojuniorcavalcanti.com.br\/index.php\/wp-json\/wp\/v2\/posts\/9870\/revisions\/9871"}],"wp:attachment":[{"href":"https:\/\/blogdojuniorcavalcanti.com.br\/index.php\/wp-json\/wp\/v2\/media?parent=9870"}],"wp:term":[{"taxonomy":"category","embeddable":true,"href":"https:\/\/blogdojuniorcavalcanti.com.br\/index.php\/wp-json\/wp\/v2\/categories?post=9870"},{"taxonomy":"post_tag","embeddable":true,"href":"https:\/\/blogdojuniorcavalcanti.com.br\/index.php\/wp-json\/wp\/v2\/tags?post=9870"}],"curies":[{"name":"wp","href":"https:\/\/api.w.org\/{rel}","templated":true}]}}